{"id":886,"date":"2026-05-01T08:30:35","date_gmt":"2026-05-01T13:30:35","guid":{"rendered":"https:\/\/academiaacreanadeletras.com.br\/?p=886"},"modified":"2026-05-01T08:41:10","modified_gmt":"2026-05-01T13:41:10","slug":"academia-acreana-de-letras-aal-publica-edital-de-convocacao-para-assembleia-geral-extraordinaria-destinada-a-deliberacao-sobre-a-escolha-de-patronos-e-patronas","status":"publish","type":"post","link":"https:\/\/academiaacreanadeletras.com.br\/?p=886","title":{"rendered":"Academia Acreana de Letras (AAL) publica Edital de Convoca\u00e7\u00e3o para Assembleia Geral Extraordin\u00e1ria destinada \u00e0 delibera\u00e7\u00e3o sobre a escolha de patronos e patronas"},"content":{"rendered":"\n<p>A Academia Acreana de Letras (AAL), publica Edital de Convoca\u00e7\u00e3o para Assembleia Geral Extraordin\u00e1ria destinada \u00e0 delibera\u00e7\u00e3o sobre a escolha de patronos e patronas da institui\u00e7\u00e3o. Al\u00e9m disso, a Assembleia Geral visa colocar em pauta as resolu\u00e7\u00f5es normativas sobre pagamento de anuidade, regime disciplinar, frequ\u00eancia dos acad\u00eamicos, atribui\u00e7\u00f5es dos departamentos e plano anual de atividades 2026 da Academia Acreana de Letras \u2013 AAL.<\/p>\n\n\n\n<figure class=\"wp-block-image size-large\"><img fetchpriority=\"high\" decoding=\"async\" width=\"651\" height=\"1024\" src=\"https:\/\/academiaacreanadeletras.com.br\/wp-content\/uploads\/2026\/05\/Edital-1-1-651x1024.jpg\" alt=\"\" class=\"wp-image-893\" srcset=\"https:\/\/academiaacreanadeletras.com.br\/wp-content\/uploads\/2026\/05\/Edital-1-1-651x1024.jpg 651w, https:\/\/academiaacreanadeletras.com.br\/wp-content\/uploads\/2026\/05\/Edital-1-1-191x300.jpg 191w, https:\/\/academiaacreanadeletras.com.br\/wp-content\/uploads\/2026\/05\/Edital-1-1-768x1207.jpg 768w, https:\/\/academiaacreanadeletras.com.br\/wp-content\/uploads\/2026\/05\/Edital-1-1-977x1536.jpg 977w, https:\/\/academiaacreanadeletras.com.br\/wp-content\/uploads\/2026\/05\/Edital-1-1-1303x2048.jpg 1303w, https:\/\/academiaacreanadeletras.com.br\/wp-content\/uploads\/2026\/05\/Edital-1-1-600x943.jpg 600w, https:\/\/academiaacreanadeletras.com.br\/wp-content\/uploads\/2026\/05\/Edital-1-1-scaled.jpg 1629w\" sizes=\"(max-width: 651px) 100vw, 651px\" \/><\/figure>\n\n\n\n<figure class=\"wp-block-image size-large\"><img decoding=\"async\" width=\"890\" height=\"1024\" src=\"https:\/\/academiaacreanadeletras.com.br\/wp-content\/uploads\/2026\/05\/Edital-2-1-890x1024.jpg\" alt=\"\" class=\"wp-image-891\" srcset=\"https:\/\/academiaacreanadeletras.com.br\/wp-content\/uploads\/2026\/05\/Edital-2-1-890x1024.jpg 890w, https:\/\/academiaacreanadeletras.com.br\/wp-content\/uploads\/2026\/05\/Edital-2-1-261x300.jpg 261w, https:\/\/academiaacreanadeletras.com.br\/wp-content\/uploads\/2026\/05\/Edital-2-1-768x883.jpg 768w, https:\/\/academiaacreanadeletras.com.br\/wp-content\/uploads\/2026\/05\/Edital-2-1-1336x1536.jpg 1336w, https:\/\/academiaacreanadeletras.com.br\/wp-content\/uploads\/2026\/05\/Edital-2-1-1781x2048.jpg 1781w, https:\/\/academiaacreanadeletras.com.br\/wp-content\/uploads\/2026\/05\/Edital-2-1-600x690.jpg 600w\" sizes=\"(max-width: 890px) 100vw, 890px\" \/><figcaption class=\"wp-element-caption\">Edital de Convoca\u00e7\u00e3o de Assembleia Geral Extraordin\u00e1ria para<br>deliberar sobre Edital de escolha de patronos\/patronas<\/figcaption><\/figure>\n","protected":false},"excerpt":{"rendered":"<p>A Academia Acreana de Letras (AAL), publica Edital de Convoca\u00e7\u00e3o para Assembleia Geral Extraordin\u00e1ria destinada \u00e0 delibera\u00e7\u00e3o sobre a escolha de patronos e patronas da institui\u00e7\u00e3o. Al\u00e9m disso, a Assembleia Geral visa colocar em pauta as resolu\u00e7\u00f5es normativas sobre pagamento de anuidade, regime disciplinar, frequ\u00eancia dos acad\u00eamicos, atribui\u00e7\u00f5es dos departamentos e plano anual de atividades [&hellip;]<\/p>\n","protected":false},"author":1,"featured_media":0,"comment_status":"open","ping_status":"open","sticky":false,"template":"","format":"standard","meta":{"_jetpack_memberships_contains_paid_content":false,"footnotes":""},"categories":[1],"tags":[],"class_list":["post-886","post","type-post","status-publish","format-standard","hentry","category-reuniao"],"jetpack_featured_media_url":"","jetpack_sharing_enabled":true,"_links":{"self":[{"href":"https:\/\/academiaacreanadeletras.com.br\/index.php?rest_route=\/wp\/v2\/posts\/886","targetHints":{"allow":["GET"]}}],"collection":[{"href":"https:\/\/academiaacreanadeletras.com.br\/index.php?rest_route=\/wp\/v2\/posts"}],"about":[{"href":"https:\/\/academiaacreanadeletras.com.br\/index.php?rest_route=\/wp\/v2\/types\/post"}],"author":[{"embeddable":true,"href":"https:\/\/academiaacreanadeletras.com.br\/index.php?rest_route=\/wp\/v2\/users\/1"}],"replies":[{"embeddable":true,"href":"https:\/\/academiaacreanadeletras.com.br\/index.php?rest_route=%2Fwp%2Fv2%2Fcomments&post=886"}],"version-history":[{"count":3,"href":"https:\/\/academiaacreanadeletras.com.br\/index.php?rest_route=\/wp\/v2\/posts\/886\/revisions"}],"predecessor-version":[{"id":892,"href":"https:\/\/academiaacreanadeletras.com.br\/index.php?rest_route=\/wp\/v2\/posts\/886\/revisions\/892"}],"wp:attachment":[{"href":"https:\/\/academiaacreanadeletras.com.br\/index.php?rest_route=%2Fwp%2Fv2%2Fmedia&parent=886"}],"wp:term":[{"taxonomy":"category","embeddable":true,"href":"https:\/\/academiaacreanadeletras.com.br\/index.php?rest_route=%2Fwp%2Fv2%2Fcategories&post=886"},{"taxonomy":"post_tag","embeddable":true,"href":"https:\/\/academiaacreanadeletras.com.br\/index.php?rest_route=%2Fwp%2Fv2%2Ftags&post=886"}],"curies":[{"name":"wp","href":"https:\/\/api.w.org\/{rel}","templated":true}]}}