{"id":872,"date":"2026-04-23T09:05:15","date_gmt":"2026-04-23T14:05:15","guid":{"rendered":"https:\/\/academiaacreanadeletras.com.br\/?p=872"},"modified":"2026-04-23T20:31:00","modified_gmt":"2026-04-24T01:31:00","slug":"academia-acreana-de-letras-aal-publica-edital-de-atualizacao-cadastral-de-membros-efetivos","status":"publish","type":"post","link":"https:\/\/academiaacreanadeletras.com.br\/?p=872","title":{"rendered":"Academia Acreana de Letras (AAL) publica edital de atualiza\u00e7\u00e3o cadastral de membros efetivos"},"content":{"rendered":"\n<p><em><u>Assessoria<\/u><\/em><\/p>\n\n\n\n<p>A Academia Acreana de Letras (AAL) publicou ontem, 22 de abril de 2026, o edital de atualiza\u00e7\u00e3o cadastral dos membros efetivos, referente ao ano de 2026.<\/p>\n\n\n\n<p>Segundo o presidente da AAL, <em>\u201co recadastramento tem por objetivo atualizar dados pessoais, endere\u00e7os, telefones, e-mails, bem como a produ\u00e7\u00e3o art\u00edstico-cultural e cient\u00edfica dos membros da Academia, visando \u00e0 emiss\u00e3o de uma carteira de identifica\u00e7\u00e3o e ao fortalecimento do banco de dados institucional.\u201d<\/em><\/p>\n\n\n\n<p>O recadastramento ser\u00e1 realizado no per\u00edodo de 22 de abril a 30 de maio de 2026, por meio do preenchimento de formul\u00e1rio digital dispon\u00edvel neste link: <a href=\"https:\/\/forms.gle\/wKdyK69LY8VXsmX86\">https:\/\/forms.gle\/wKdyK69LY8VXsmX86<\/a><\/p>\n\n\n\n<figure class=\"wp-block-gallery aligncenter has-nested-images columns-default is-cropped wp-block-gallery-1 is-layout-flex wp-block-gallery-is-layout-flex\">\n<figure class=\"wp-block-image size-large\"><img fetchpriority=\"high\" decoding=\"async\" width=\"1378\" height=\"768\" data-id=\"884\" src=\"https:\/\/academiaacreanadeletras.com.br\/wp-content\/uploads\/2026\/04\/academiaacreanadeletras.com_.br-69eac75aca729.png\" alt=\"\" class=\"wp-image-884\" title=\"WhatsApp Image 2026-03-21 at 22.58.11\" srcset=\"https:\/\/academiaacreanadeletras.com.br\/wp-content\/uploads\/2026\/04\/academiaacreanadeletras.com_.br-69eac75aca729.png 1378w, https:\/\/academiaacreanadeletras.com.br\/wp-content\/uploads\/2026\/04\/academiaacreanadeletras.com_.br-69eac75aca729-300x167.png 300w, https:\/\/academiaacreanadeletras.com.br\/wp-content\/uploads\/2026\/04\/academiaacreanadeletras.com_.br-69eac75aca729-1024x571.png 1024w, https:\/\/academiaacreanadeletras.com.br\/wp-content\/uploads\/2026\/04\/academiaacreanadeletras.com_.br-69eac75aca729-768x428.png 768w, https:\/\/academiaacreanadeletras.com.br\/wp-content\/uploads\/2026\/04\/academiaacreanadeletras.com_.br-69eac75aca729-600x334.png 600w\" sizes=\"(max-width: 1378px) 100vw, 1378px\" \/><figcaption class=\"wp-element-caption\">O recadastramento ser\u00e1 realizado no per\u00edodo de 22 de abril a 30 de maio de 2026.Foto: acervo da AAL<\/figcaption><\/figure>\n<\/figure>\n\n\n\n<figure class=\"wp-block-image size-large\"><img decoding=\"async\" width=\"1024\" height=\"782\" src=\"https:\/\/academiaacreanadeletras.com.br\/wp-content\/uploads\/2026\/04\/EDITAL_1-1-1024x782.jpg\" alt=\"\" class=\"wp-image-878\" srcset=\"https:\/\/academiaacreanadeletras.com.br\/wp-content\/uploads\/2026\/04\/EDITAL_1-1-1024x782.jpg 1024w, https:\/\/academiaacreanadeletras.com.br\/wp-content\/uploads\/2026\/04\/EDITAL_1-1-300x229.jpg 300w, https:\/\/academiaacreanadeletras.com.br\/wp-content\/uploads\/2026\/04\/EDITAL_1-1-768x586.jpg 768w, https:\/\/academiaacreanadeletras.com.br\/wp-content\/uploads\/2026\/04\/EDITAL_1-1-1536x1173.jpg 1536w, https:\/\/academiaacreanadeletras.com.br\/wp-content\/uploads\/2026\/04\/EDITAL_1-1-2048x1564.jpg 2048w, https:\/\/academiaacreanadeletras.com.br\/wp-content\/uploads\/2026\/04\/EDITAL_1-1-600x458.jpg 600w\" sizes=\"(max-width: 1024px) 100vw, 1024px\" \/><figcaption class=\"wp-element-caption\">O edital de atualiza\u00e7\u00e3o cadastral dos membros efetivos, referente ao ano de 2026. foi publicado ontem, 22 de abril de 2026. Imagem: cedida<\/figcaption><\/figure>\n\n\n\n<p><\/p>\n","protected":false},"excerpt":{"rendered":"<p>Assessoria A Academia Acreana de Letras (AAL) publicou ontem, 22 de abril de 2026, o edital de atualiza\u00e7\u00e3o cadastral dos membros efetivos, referente ao ano de 2026. Segundo o presidente da AAL, \u201co recadastramento tem por objetivo atualizar dados pessoais, endere\u00e7os, telefones, e-mails, bem como a produ\u00e7\u00e3o art\u00edstico-cultural e cient\u00edfica dos membros da Academia, visando [&hellip;]<\/p>\n","protected":false},"author":1,"featured_media":0,"comment_status":"open","ping_status":"open","sticky":false,"template":"","format":"standard","meta":{"_jetpack_memberships_contains_paid_content":false,"footnotes":""},"categories":[1],"tags":[],"class_list":["post-872","post","type-post","status-publish","format-standard","hentry","category-reuniao"],"jetpack_featured_media_url":"","jetpack_sharing_enabled":true,"_links":{"self":[{"href":"https:\/\/academiaacreanadeletras.com.br\/index.php?rest_route=\/wp\/v2\/posts\/872","targetHints":{"allow":["GET"]}}],"collection":[{"href":"https:\/\/academiaacreanadeletras.com.br\/index.php?rest_route=\/wp\/v2\/posts"}],"about":[{"href":"https:\/\/academiaacreanadeletras.com.br\/index.php?rest_route=\/wp\/v2\/types\/post"}],"author":[{"embeddable":true,"href":"https:\/\/academiaacreanadeletras.com.br\/index.php?rest_route=\/wp\/v2\/users\/1"}],"replies":[{"embeddable":true,"href":"https:\/\/academiaacreanadeletras.com.br\/index.php?rest_route=%2Fwp%2Fv2%2Fcomments&post=872"}],"version-history":[{"count":5,"href":"https:\/\/academiaacreanadeletras.com.br\/index.php?rest_route=\/wp\/v2\/posts\/872\/revisions"}],"predecessor-version":[{"id":885,"href":"https:\/\/academiaacreanadeletras.com.br\/index.php?rest_route=\/wp\/v2\/posts\/872\/revisions\/885"}],"wp:attachment":[{"href":"https:\/\/academiaacreanadeletras.com.br\/index.php?rest_route=%2Fwp%2Fv2%2Fmedia&parent=872"}],"wp:term":[{"taxonomy":"category","embeddable":true,"href":"https:\/\/academiaacreanadeletras.com.br\/index.php?rest_route=%2Fwp%2Fv2%2Fcategories&post=872"},{"taxonomy":"post_tag","embeddable":true,"href":"https:\/\/academiaacreanadeletras.com.br\/index.php?rest_route=%2Fwp%2Fv2%2Ftags&post=872"}],"curies":[{"name":"wp","href":"https:\/\/api.w.org\/{rel}","templated":true}]}}