{"id":868,"date":"2026-04-16T11:20:43","date_gmt":"2026-04-16T16:20:43","guid":{"rendered":"https:\/\/academiaacreanadeletras.com.br\/?p=868"},"modified":"2026-04-16T11:20:43","modified_gmt":"2026-04-16T16:20:43","slug":"academia-acreana-de-letras-aal-realiza-roda-de-conversa-mulher-e-poder-no-museu-dos-povos-acreanos","status":"publish","type":"post","link":"https:\/\/academiaacreanadeletras.com.br\/?p=868","title":{"rendered":"ACADEMIA ACREANA DE LETRAS (AAL) REALIZA RODA DE CONVERSA \u201cMULHER E PODER\u201d NO MUSEU DOS POVOS ACREANOS"},"content":{"rendered":"\n<p>Assessoria<\/p>\n\n\n\n<p>A Academia Acreana de Letras (AAL) realiza neste s\u00e1bado (18), \u00e0s 15 horas, no Audit\u00f3rio Florentina Esteves, no Museu dos Povos Acreanos, uma roda de conversa com o tema \u201cMulher e Poder\u201d.<\/p>\n\n\n\n<p>A mesa, que ser\u00e1 mediada pela escritora e acad\u00eamica da AAL Edir Figueira Marques, contar\u00e1 com a participa\u00e7\u00e3o da presidente do Tribunal de Contas, Dulce Ben\u00edcio; da comandante da Pol\u00edcia Militar, coronel Marta Freitas; da conselheira do Tribunal de Contas, Naluh Gouveia; al\u00e9m de Patricia Dossa, Ant\u00f4nia Tavares e Mardhia Pereira.<\/p>\n\n\n\n<p>O objetivo do evento \u00e9 discutir o papel da mulher nos espa\u00e7os de poder e sua rela\u00e7\u00e3o profissional com o g\u00eanero masculino. A roda de conversa ser\u00e1 aberta ao p\u00fablico, e os presentes poder\u00e3o interagir com as convidadas por meio de perguntas.<\/p>\n\n\n\n<figure class=\"wp-block-image size-large\"><img fetchpriority=\"high\" decoding=\"async\" width=\"1024\" height=\"1024\" src=\"https:\/\/academiaacreanadeletras.com.br\/wp-content\/uploads\/2026\/04\/CARD-STAGRAM-RODA-1024x1024.jpg\" alt=\"\" class=\"wp-image-869\" srcset=\"https:\/\/academiaacreanadeletras.com.br\/wp-content\/uploads\/2026\/04\/CARD-STAGRAM-RODA-1024x1024.jpg 1024w, https:\/\/academiaacreanadeletras.com.br\/wp-content\/uploads\/2026\/04\/CARD-STAGRAM-RODA-300x300.jpg 300w, https:\/\/academiaacreanadeletras.com.br\/wp-content\/uploads\/2026\/04\/CARD-STAGRAM-RODA-150x150.jpg 150w, https:\/\/academiaacreanadeletras.com.br\/wp-content\/uploads\/2026\/04\/CARD-STAGRAM-RODA-768x768.jpg 768w, https:\/\/academiaacreanadeletras.com.br\/wp-content\/uploads\/2026\/04\/CARD-STAGRAM-RODA-1536x1536.jpg 1536w, https:\/\/academiaacreanadeletras.com.br\/wp-content\/uploads\/2026\/04\/CARD-STAGRAM-RODA-2048x2048.jpg 2048w, https:\/\/academiaacreanadeletras.com.br\/wp-content\/uploads\/2026\/04\/CARD-STAGRAM-RODA-600x600.jpg 600w, https:\/\/academiaacreanadeletras.com.br\/wp-content\/uploads\/2026\/04\/CARD-STAGRAM-RODA-100x100.jpg 100w\" sizes=\"(max-width: 1024px) 100vw, 1024px\" \/><\/figure>\n","protected":false},"excerpt":{"rendered":"<p>Assessoria A Academia Acreana de Letras (AAL) realiza neste s\u00e1bado (18), \u00e0s 15 horas, no Audit\u00f3rio Florentina Esteves, no Museu dos Povos Acreanos, uma roda de conversa com o tema \u201cMulher e Poder\u201d. A mesa, que ser\u00e1 mediada pela escritora e acad\u00eamica da AAL Edir Figueira Marques, contar\u00e1 com a participa\u00e7\u00e3o da presidente do Tribunal [&hellip;]<\/p>\n","protected":false},"author":1,"featured_media":0,"comment_status":"open","ping_status":"open","sticky":false,"template":"","format":"standard","meta":{"_jetpack_memberships_contains_paid_content":false,"footnotes":""},"categories":[1],"tags":[],"class_list":["post-868","post","type-post","status-publish","format-standard","hentry","category-reuniao"],"jetpack_featured_media_url":"","jetpack_sharing_enabled":true,"_links":{"self":[{"href":"https:\/\/academiaacreanadeletras.com.br\/index.php?rest_route=\/wp\/v2\/posts\/868","targetHints":{"allow":["GET"]}}],"collection":[{"href":"https:\/\/academiaacreanadeletras.com.br\/index.php?rest_route=\/wp\/v2\/posts"}],"about":[{"href":"https:\/\/academiaacreanadeletras.com.br\/index.php?rest_route=\/wp\/v2\/types\/post"}],"author":[{"embeddable":true,"href":"https:\/\/academiaacreanadeletras.com.br\/index.php?rest_route=\/wp\/v2\/users\/1"}],"replies":[{"embeddable":true,"href":"https:\/\/academiaacreanadeletras.com.br\/index.php?rest_route=%2Fwp%2Fv2%2Fcomments&post=868"}],"version-history":[{"count":1,"href":"https:\/\/academiaacreanadeletras.com.br\/index.php?rest_route=\/wp\/v2\/posts\/868\/revisions"}],"predecessor-version":[{"id":870,"href":"https:\/\/academiaacreanadeletras.com.br\/index.php?rest_route=\/wp\/v2\/posts\/868\/revisions\/870"}],"wp:attachment":[{"href":"https:\/\/academiaacreanadeletras.com.br\/index.php?rest_route=%2Fwp%2Fv2%2Fmedia&parent=868"}],"wp:term":[{"taxonomy":"category","embeddable":true,"href":"https:\/\/academiaacreanadeletras.com.br\/index.php?rest_route=%2Fwp%2Fv2%2Fcategories&post=868"},{"taxonomy":"post_tag","embeddable":true,"href":"https:\/\/academiaacreanadeletras.com.br\/index.php?rest_route=%2Fwp%2Fv2%2Ftags&post=868"}],"curies":[{"name":"wp","href":"https:\/\/api.w.org\/{rel}","templated":true}]}}