{"id":862,"date":"2026-04-01T09:30:35","date_gmt":"2026-04-01T14:30:35","guid":{"rendered":"https:\/\/academiaacreanadeletras.com.br\/?p=862"},"modified":"2026-04-01T09:43:55","modified_gmt":"2026-04-01T14:43:55","slug":"conheca-o-projeto-academia-acreana-de-letras-guardia-da-memoria-lingua-portuguesa-literatura-e-identidade-acreana","status":"publish","type":"post","link":"https:\/\/academiaacreanadeletras.com.br\/?p=862","title":{"rendered":"CONHE\u00c7A O PROJETO ACADEMIA ACREANA DE LETRAS: GUARDI\u00c3 DA MEM\u00d3RIA, L\u00cdNGUA PORTUGUESA, LITERATURA E IDENTIDADE ACREANA"},"content":{"rendered":"\n<p><strong>portuguesa, literatura e identidade acreana<\/strong><\/p>\n\n\n\n<p>Assessoria<\/p>\n\n\n\n<p>Nesta ter\u00e7a-feira dia 31 de mar\u00e7o o col\u00e9gio de Aplica\u00e7\u00e3o recebeu o projeto intitulado \u201cAcademia Acreana de Letras: guardi\u00e3 da mem\u00f3ria, l\u00edngua portuguesa, literatura e identidade acreana\u201d do professor Dr. Coracy Saboia. O objetivo principal do projeto \u00e9 apresentar a Academia Acreana de Letras (AAL) como a institui\u00e7\u00e3o fundamental na salvaguarda da mem\u00f3ria hist\u00f3rica, integridade da l\u00edngua portuguesa e da produ\u00e7\u00e3o liter\u00e1ria regional, promovendo o reconhecimento do seu papel como guardi\u00e3 da identidade acreana, refor\u00e7ando o sentimento de perten\u00e7a e valoriza\u00e7\u00e3o do patrim\u00f4nio imaterial do Estado.<\/p>\n\n\n\n<p>Estiveram presentes na solenidade os alunos do curso de Filosofia da UFAC, o atual presidente da AAL o professor Dr. Jos\u00e9 Dourado e de sua vice-presidente a escritora e poetisa Edir Figueira Marques, acad\u00eamico Jos\u00e9 do Carmo Carile e da Dra. do curso de hist\u00f3ria da Universidade Federal do Acre (Ufac)) Emlly Nayra Soares que falou sobre sua participa\u00e7\u00e3o como uma das historiadoras da revista Hileia.<\/p>\n\n\n\n<figure class=\"wp-block-image size-full\"><img fetchpriority=\"high\" decoding=\"async\" width=\"514\" height=\"387\" src=\"https:\/\/academiaacreanadeletras.com.br\/wp-content\/uploads\/2026\/04\/CORACY-SABOIA.jpg\" alt=\"\" class=\"wp-image-863\" srcset=\"https:\/\/academiaacreanadeletras.com.br\/wp-content\/uploads\/2026\/04\/CORACY-SABOIA.jpg 514w, https:\/\/academiaacreanadeletras.com.br\/wp-content\/uploads\/2026\/04\/CORACY-SABOIA-300x226.jpg 300w\" sizes=\"(max-width: 514px) 100vw, 514px\" \/><figcaption class=\"wp-element-caption\">PROJETO ACADEMIA ACREANA DE LETRAS: GUARDI\u00c3 DA MEM\u00d3RIA, L\u00cdNGUA PORTUGUESA, LITERATURA E IDENTIDADE ACREANA<\/figcaption><\/figure>\n","protected":false},"excerpt":{"rendered":"<p>portuguesa, literatura e identidade acreana Assessoria Nesta ter\u00e7a-feira dia 31 de mar\u00e7o o col\u00e9gio de Aplica\u00e7\u00e3o recebeu o projeto intitulado \u201cAcademia Acreana de Letras: guardi\u00e3 da mem\u00f3ria, l\u00edngua portuguesa, literatura e identidade acreana\u201d do professor Dr. Coracy Saboia. O objetivo principal do projeto \u00e9 apresentar a Academia Acreana de Letras (AAL) como a institui\u00e7\u00e3o fundamental [&hellip;]<\/p>\n","protected":false},"author":1,"featured_media":0,"comment_status":"open","ping_status":"open","sticky":false,"template":"","format":"standard","meta":{"_jetpack_memberships_contains_paid_content":false,"footnotes":""},"categories":[1],"tags":[],"class_list":["post-862","post","type-post","status-publish","format-standard","hentry","category-reuniao"],"jetpack_featured_media_url":"","jetpack_sharing_enabled":true,"_links":{"self":[{"href":"https:\/\/academiaacreanadeletras.com.br\/index.php?rest_route=\/wp\/v2\/posts\/862","targetHints":{"allow":["GET"]}}],"collection":[{"href":"https:\/\/academiaacreanadeletras.com.br\/index.php?rest_route=\/wp\/v2\/posts"}],"about":[{"href":"https:\/\/academiaacreanadeletras.com.br\/index.php?rest_route=\/wp\/v2\/types\/post"}],"author":[{"embeddable":true,"href":"https:\/\/academiaacreanadeletras.com.br\/index.php?rest_route=\/wp\/v2\/users\/1"}],"replies":[{"embeddable":true,"href":"https:\/\/academiaacreanadeletras.com.br\/index.php?rest_route=%2Fwp%2Fv2%2Fcomments&post=862"}],"version-history":[{"count":3,"href":"https:\/\/academiaacreanadeletras.com.br\/index.php?rest_route=\/wp\/v2\/posts\/862\/revisions"}],"predecessor-version":[{"id":866,"href":"https:\/\/academiaacreanadeletras.com.br\/index.php?rest_route=\/wp\/v2\/posts\/862\/revisions\/866"}],"wp:attachment":[{"href":"https:\/\/academiaacreanadeletras.com.br\/index.php?rest_route=%2Fwp%2Fv2%2Fmedia&parent=862"}],"wp:term":[{"taxonomy":"category","embeddable":true,"href":"https:\/\/academiaacreanadeletras.com.br\/index.php?rest_route=%2Fwp%2Fv2%2Fcategories&post=862"},{"taxonomy":"post_tag","embeddable":true,"href":"https:\/\/academiaacreanadeletras.com.br\/index.php?rest_route=%2Fwp%2Fv2%2Ftags&post=862"}],"curies":[{"name":"wp","href":"https:\/\/api.w.org\/{rel}","templated":true}]}}