{"id":859,"date":"2026-04-01T08:16:55","date_gmt":"2026-04-01T13:16:55","guid":{"rendered":"https:\/\/academiaacreanadeletras.com.br\/?p=859"},"modified":"2026-04-01T08:18:54","modified_gmt":"2026-04-01T13:18:54","slug":"academia-acreana-de-letras-aal-participa-da-inauguracao-da-revitalizacao-da-tentamen","status":"publish","type":"post","link":"https:\/\/academiaacreanadeletras.com.br\/?p=859","title":{"rendered":"ACADEMIA ACREANA DE LETRAS (AAL) PARTICIPA DA INAUGURA\u00c7\u00c3O DA REVITALIZA\u00c7\u00c3O DA TENTAMEN"},"content":{"rendered":"\n<p>Ontem, 31 de mar\u00e7o de 2026, a Academia Acreana de Letras (AAL) esteve presente na inaugura\u00e7\u00e3o da Revitaliza\u00e7\u00e3o da TENTAMEN, representada pelo seu Presidente Jos\u00e9 Dourado de Souza e o Diretor de Registro e Controle Patrimonial Jos\u00e9 do Carmo Carile.<\/p>\n\n\n\n<p>O evento contou com a participa\u00e7\u00e3o de v\u00e1rias autoridades executivas e parlamentares, servidores da FEM, fazedores de cultura e uma presen\u00e7a de muitos frequentadores daquele clube no passado.<\/p>\n\n\n\n<figure class=\"wp-block-image size-full\"><img fetchpriority=\"high\" decoding=\"async\" width=\"491\" height=\"387\" src=\"https:\/\/academiaacreanadeletras.com.br\/wp-content\/uploads\/2026\/04\/TENTAMEN.jpg\" alt=\"\" class=\"wp-image-847\" srcset=\"https:\/\/academiaacreanadeletras.com.br\/wp-content\/uploads\/2026\/04\/TENTAMEN.jpg 491w, https:\/\/academiaacreanadeletras.com.br\/wp-content\/uploads\/2026\/04\/TENTAMEN-300x236.jpg 300w\" sizes=\"(max-width: 491px) 100vw, 491px\" \/><figcaption class=\"wp-element-caption\">A solenidade contou com a participa\u00e7\u00e3o de v\u00e1rias autoridades <\/figcaption><\/figure>\n","protected":false},"excerpt":{"rendered":"<p>Ontem, 31 de mar\u00e7o de 2026, a Academia Acreana de Letras (AAL) esteve presente na inaugura\u00e7\u00e3o da Revitaliza\u00e7\u00e3o da TENTAMEN, representada pelo seu Presidente Jos\u00e9 Dourado de Souza e o Diretor de Registro e Controle Patrimonial Jos\u00e9 do Carmo Carile. O evento contou com a participa\u00e7\u00e3o de v\u00e1rias autoridades executivas e parlamentares, servidores da FEM, [&hellip;]<\/p>\n","protected":false},"author":1,"featured_media":0,"comment_status":"open","ping_status":"open","sticky":false,"template":"","format":"standard","meta":{"_jetpack_memberships_contains_paid_content":false,"footnotes":""},"categories":[1],"tags":[],"class_list":["post-859","post","type-post","status-publish","format-standard","hentry","category-reuniao"],"jetpack_featured_media_url":"","jetpack_sharing_enabled":true,"_links":{"self":[{"href":"https:\/\/academiaacreanadeletras.com.br\/index.php?rest_route=\/wp\/v2\/posts\/859","targetHints":{"allow":["GET"]}}],"collection":[{"href":"https:\/\/academiaacreanadeletras.com.br\/index.php?rest_route=\/wp\/v2\/posts"}],"about":[{"href":"https:\/\/academiaacreanadeletras.com.br\/index.php?rest_route=\/wp\/v2\/types\/post"}],"author":[{"embeddable":true,"href":"https:\/\/academiaacreanadeletras.com.br\/index.php?rest_route=\/wp\/v2\/users\/1"}],"replies":[{"embeddable":true,"href":"https:\/\/academiaacreanadeletras.com.br\/index.php?rest_route=%2Fwp%2Fv2%2Fcomments&post=859"}],"version-history":[{"count":2,"href":"https:\/\/academiaacreanadeletras.com.br\/index.php?rest_route=\/wp\/v2\/posts\/859\/revisions"}],"predecessor-version":[{"id":861,"href":"https:\/\/academiaacreanadeletras.com.br\/index.php?rest_route=\/wp\/v2\/posts\/859\/revisions\/861"}],"wp:attachment":[{"href":"https:\/\/academiaacreanadeletras.com.br\/index.php?rest_route=%2Fwp%2Fv2%2Fmedia&parent=859"}],"wp:term":[{"taxonomy":"category","embeddable":true,"href":"https:\/\/academiaacreanadeletras.com.br\/index.php?rest_route=%2Fwp%2Fv2%2Fcategories&post=859"},{"taxonomy":"post_tag","embeddable":true,"href":"https:\/\/academiaacreanadeletras.com.br\/index.php?rest_route=%2Fwp%2Fv2%2Ftags&post=859"}],"curies":[{"name":"wp","href":"https:\/\/api.w.org\/{rel}","templated":true}]}}