{"id":838,"date":"2026-03-30T19:56:35","date_gmt":"2026-03-31T00:56:35","guid":{"rendered":"https:\/\/academiaacreanadeletras.com.br\/?p=838"},"modified":"2026-03-30T19:56:36","modified_gmt":"2026-03-31T00:56:36","slug":"a-academia-acreana-de-letras-aal-participa-da-solenidade-de-reabertura-do-cine-teatro-recreio","status":"publish","type":"post","link":"https:\/\/academiaacreanadeletras.com.br\/?p=838","title":{"rendered":"A Academia Acreana de Letras (AAL) participa da solenidade de reabertura do Cine Teatro Recreio"},"content":{"rendered":"\n<p class=\"has-text-align-left\">Hoje, 30 de mar\u00e7o de 2026, \u00e0s 10h, a Academia Acreana de Letras (AAL) esteve presente na solenidade de inaugura\u00e7\u00e3o da revitaliza\u00e7\u00e3o do Cine Teatro Recreio e do espa\u00e7o Cultura Viva, onde passar\u00e1 a funcionar o Conselho Estadual de Cultura (CONCULTURA). A Academia foi representada por seu Presidente, Jos\u00e9 Dourado de Souza, e pelo segundo Vice-Presidente, Manoel Coracy Saboia Dias, que tamb\u00e9m exerce a presid\u00eancia do CONCULTURA.<\/p>\n\n\n\n<p class=\"has-text-align-left\">O evento contou ainda com a participa\u00e7\u00e3o do Presidente da Funda\u00e7\u00e3o Elias Mansour (FEM), Minoru Martins Kinpara, da Deputada Federal Socorro Neri, al\u00e9m de representantes de diversos segmentos art\u00edstico-culturais e servidores da FEM.<\/p>\n\n\n\n<figure class=\"wp-block-image size-full\"><img fetchpriority=\"high\" decoding=\"async\" width=\"720\" height=\"587\" src=\"https:\/\/academiaacreanadeletras.com.br\/wp-content\/uploads\/2026\/03\/FOTO-AAL.jpg\" alt=\"\" class=\"wp-image-839\" srcset=\"https:\/\/academiaacreanadeletras.com.br\/wp-content\/uploads\/2026\/03\/FOTO-AAL.jpg 720w, https:\/\/academiaacreanadeletras.com.br\/wp-content\/uploads\/2026\/03\/FOTO-AAL-600x489.jpg 600w, https:\/\/academiaacreanadeletras.com.br\/wp-content\/uploads\/2026\/03\/FOTO-AAL-300x245.jpg 300w\" sizes=\"(max-width: 720px) 100vw, 720px\" \/><figcaption class=\"wp-element-caption\">A Academia foi representada por seu Presidente, Jos\u00e9 Dourado de Souza, e pelo segundo Vice-Presidente, Dr. Manoel Coracy Saboia Dias, que tamb\u00e9m exerce a presid\u00eancia do CONCULTURA.<\/figcaption><\/figure>\n\n\n\n<figure class=\"wp-block-image size-full\"><img decoding=\"async\" width=\"963\" height=\"890\" src=\"https:\/\/academiaacreanadeletras.com.br\/wp-content\/uploads\/2026\/03\/MINORU.jpg\" alt=\"\" class=\"wp-image-840\" srcset=\"https:\/\/academiaacreanadeletras.com.br\/wp-content\/uploads\/2026\/03\/MINORU.jpg 963w, https:\/\/academiaacreanadeletras.com.br\/wp-content\/uploads\/2026\/03\/MINORU-600x555.jpg 600w, https:\/\/academiaacreanadeletras.com.br\/wp-content\/uploads\/2026\/03\/MINORU-300x277.jpg 300w, https:\/\/academiaacreanadeletras.com.br\/wp-content\/uploads\/2026\/03\/MINORU-768x710.jpg 768w\" sizes=\"(max-width: 963px) 100vw, 963px\" \/><figcaption class=\"wp-element-caption\">O evento contou ainda com a participa\u00e7\u00e3o do Presidente da Funda\u00e7\u00e3o Elias Mansour (FEM), Minoru Martins Kinpara e sua esposa<\/figcaption><\/figure>\n","protected":false},"excerpt":{"rendered":"<p>Hoje, 30 de mar\u00e7o de 2026, \u00e0s 10h, a Academia Acreana de Letras (AAL) esteve presente na solenidade de inaugura\u00e7\u00e3o da revitaliza\u00e7\u00e3o do Cine Teatro Recreio e do espa\u00e7o Cultura Viva, onde passar\u00e1 a funcionar o Conselho Estadual de Cultura (CONCULTURA). A Academia foi representada por seu Presidente, Jos\u00e9 Dourado de Souza, e pelo segundo [&hellip;]<\/p>\n","protected":false},"author":1,"featured_media":0,"comment_status":"open","ping_status":"open","sticky":false,"template":"","format":"standard","meta":{"_jetpack_memberships_contains_paid_content":false,"footnotes":""},"categories":[1],"tags":[],"class_list":["post-838","post","type-post","status-publish","format-standard","hentry","category-reuniao"],"jetpack_featured_media_url":"","jetpack_sharing_enabled":true,"_links":{"self":[{"href":"https:\/\/academiaacreanadeletras.com.br\/index.php?rest_route=\/wp\/v2\/posts\/838","targetHints":{"allow":["GET"]}}],"collection":[{"href":"https:\/\/academiaacreanadeletras.com.br\/index.php?rest_route=\/wp\/v2\/posts"}],"about":[{"href":"https:\/\/academiaacreanadeletras.com.br\/index.php?rest_route=\/wp\/v2\/types\/post"}],"author":[{"embeddable":true,"href":"https:\/\/academiaacreanadeletras.com.br\/index.php?rest_route=\/wp\/v2\/users\/1"}],"replies":[{"embeddable":true,"href":"https:\/\/academiaacreanadeletras.com.br\/index.php?rest_route=%2Fwp%2Fv2%2Fcomments&post=838"}],"version-history":[{"count":1,"href":"https:\/\/academiaacreanadeletras.com.br\/index.php?rest_route=\/wp\/v2\/posts\/838\/revisions"}],"predecessor-version":[{"id":841,"href":"https:\/\/academiaacreanadeletras.com.br\/index.php?rest_route=\/wp\/v2\/posts\/838\/revisions\/841"}],"wp:attachment":[{"href":"https:\/\/academiaacreanadeletras.com.br\/index.php?rest_route=%2Fwp%2Fv2%2Fmedia&parent=838"}],"wp:term":[{"taxonomy":"category","embeddable":true,"href":"https:\/\/academiaacreanadeletras.com.br\/index.php?rest_route=%2Fwp%2Fv2%2Fcategories&post=838"},{"taxonomy":"post_tag","embeddable":true,"href":"https:\/\/academiaacreanadeletras.com.br\/index.php?rest_route=%2Fwp%2Fv2%2Ftags&post=838"}],"curies":[{"name":"wp","href":"https:\/\/api.w.org\/{rel}","templated":true}]}}