{"id":544,"date":"2025-05-26T10:33:40","date_gmt":"2025-05-26T15:33:40","guid":{"rendered":"https:\/\/academiaacreanadeletras.com.br\/?p=544"},"modified":"2025-05-26T10:33:40","modified_gmt":"2025-05-26T15:33:40","slug":"telmo-camilo-vieira","status":"publish","type":"post","link":"https:\/\/academiaacreanadeletras.com.br\/?p=544","title":{"rendered":"Telmo Camilo Vieira"},"content":{"rendered":"<div class=\"wp-block-image\">\n<figure class=\"aligncenter size-full\"><img fetchpriority=\"high\" decoding=\"async\" width=\"265\" height=\"344\" src=\"https:\/\/academiaacreanadeletras.com.br\/wp-content\/uploads\/2025\/05\/image-31.png\" alt=\"\" class=\"wp-image-545\" srcset=\"https:\/\/academiaacreanadeletras.com.br\/wp-content\/uploads\/2025\/05\/image-31.png 265w, https:\/\/academiaacreanadeletras.com.br\/wp-content\/uploads\/2025\/05\/image-31-231x300.png 231w\" sizes=\"(max-width: 265px) 100vw, 265px\" \/><\/figure>\n<\/div>\n\n\n<p><strong>Telmo Camilo Vieira <\/strong>ingressou na Academia Acreana de Letras em 22 de mar\u00e7o de 2019, para ocupar a Cadeira 18, que tem como patrono Couto de Magalh\u00e3es, membro fundador Jos\u00e9 Rodrigues Leite, e antecessores Edson Rodrigues Martins e Jorge Tufic.<\/p>\n\n\n\n<p>Nasceu no dia 28 de fevereiro de 1948, em Rio Branco (AC), \u00e0 sombra da hist\u00f3rica Gameleira, no Segundo Distrito. \u00c9 filho de Raimunda Camilo Vieira e Rufino Farias Vieira. Casou duas vezes e teve in\u00fameras aventuras amorosas que lhe renderam cinco maravilhosos filhos: Anna Karina, Melissa, Marcelo Augusto, S\u00e2mya Milena e Telmo J\u00fanior. Os filhos s\u00e3o seus bens mais preciosos e a raz\u00e3o de sua vida, que frutificaram: Jo\u00e3o Marcelo, Ana Terra, Pedro Miguel, Daniel Ricardo e Levi Ricardo, netos amados.<\/p>\n\n\n\n<p>Sua inf\u00e2ncia e juventude foram divididas entre os Estados do Acre, ent\u00e3o Territ\u00f3rio Federal, e o Estado do Cear\u00e1. Sua forma\u00e7\u00e3o acad\u00eamica em Direito ocorreu entre duas Institui\u00e7\u00f5es: Universidade Federal do Acre e Universidade Federal do Rio de Janeiro. Nessa \u00faltima, realizou seu Mestrado e o Doutorado. Na Ufac, foi professor de Direito do Trabalho e Direito Penal. Ali, foi tamb\u00e9m Diretor do Departamento de Direito e Coordenador deste curso. Trabalhou tamb\u00e9m na Assembleia Legislativa do Estado do Acre, onde foi Diretor Geral em exerc\u00edcio, Diretor Administrativo, Chefe de Gabinete da Presid\u00eancia e Assessor-Chefe Jur\u00eddico Administrativo.<\/p>\n\n\n\n<p>Na vida pol\u00edtica foi suplente de Deputado Federal Constituinte e Senador da Rep\u00fablica. Al\u00e9m da Academia Acreana de Letras, \u00e9 tamb\u00e9m membro da Federa\u00e7\u00e3o de Letras e Artes do Estado do Acre, do Instituto Hist\u00f3rico e Geogr\u00e1fico do Acre, da Academia dos Poetas do Estado do Acre e da Casa do Poeta Acreano.<\/p>\n\n\n\n<p>\u00c9 escritor romancista, autor dos romances <em>A \u00faltima fronteira <\/em>e <em>Tr\u00f3picos selvagens<\/em>. Vive hoje tranquilo, feliz em uma \u00e1rea rural de Rio Branco.<\/p>\n","protected":false},"excerpt":{"rendered":"<p>Telmo Camilo Vieira ingressou na Academia Acreana de Letras em 22 de mar\u00e7o de 2019, para ocupar a Cadeira 18, que tem como patrono Couto de Magalh\u00e3es, membro fundador Jos\u00e9 Rodrigues Leite, e antecessores Edson Rodrigues Martins e Jorge Tufic. Nasceu no dia 28 de fevereiro de 1948, em Rio Branco (AC), \u00e0 sombra da [&hellip;]<\/p>\n","protected":false},"author":1,"featured_media":545,"comment_status":"open","ping_status":"open","sticky":false,"template":"","format":"standard","meta":{"_jetpack_memberships_contains_paid_content":false,"footnotes":""},"categories":[37],"tags":[],"class_list":["post-544","post","type-post","status-publish","format-standard","has-post-thumbnail","hentry","category-t"],"jetpack_featured_media_url":"https:\/\/academiaacreanadeletras.com.br\/wp-content\/uploads\/2025\/05\/image-31.png","jetpack_sharing_enabled":true,"_links":{"self":[{"href":"https:\/\/academiaacreanadeletras.com.br\/index.php?rest_route=\/wp\/v2\/posts\/544","targetHints":{"allow":["GET"]}}],"collection":[{"href":"https:\/\/academiaacreanadeletras.com.br\/index.php?rest_route=\/wp\/v2\/posts"}],"about":[{"href":"https:\/\/academiaacreanadeletras.com.br\/index.php?rest_route=\/wp\/v2\/types\/post"}],"author":[{"embeddable":true,"href":"https:\/\/academiaacreanadeletras.com.br\/index.php?rest_route=\/wp\/v2\/users\/1"}],"replies":[{"embeddable":true,"href":"https:\/\/academiaacreanadeletras.com.br\/index.php?rest_route=%2Fwp%2Fv2%2Fcomments&post=544"}],"version-history":[{"count":1,"href":"https:\/\/academiaacreanadeletras.com.br\/index.php?rest_route=\/wp\/v2\/posts\/544\/revisions"}],"predecessor-version":[{"id":546,"href":"https:\/\/academiaacreanadeletras.com.br\/index.php?rest_route=\/wp\/v2\/posts\/544\/revisions\/546"}],"wp:featuredmedia":[{"embeddable":true,"href":"https:\/\/academiaacreanadeletras.com.br\/index.php?rest_route=\/wp\/v2\/media\/545"}],"wp:attachment":[{"href":"https:\/\/academiaacreanadeletras.com.br\/index.php?rest_route=%2Fwp%2Fv2%2Fmedia&parent=544"}],"wp:term":[{"taxonomy":"category","embeddable":true,"href":"https:\/\/academiaacreanadeletras.com.br\/index.php?rest_route=%2Fwp%2Fv2%2Fcategories&post=544"},{"taxonomy":"post_tag","embeddable":true,"href":"https:\/\/academiaacreanadeletras.com.br\/index.php?rest_route=%2Fwp%2Fv2%2Ftags&post=544"}],"curies":[{"name":"wp","href":"https:\/\/api.w.org\/{rel}","templated":true}]}}